{"id":7835,"date":"2025-07-12T18:05:05","date_gmt":"2025-07-12T21:05:05","guid":{"rendered":"https:\/\/www.r9competicoes.com.br\/r9\/?p=7835"},"modified":"2025-07-12T18:05:05","modified_gmt":"2025-07-12T21:05:05","slug":"beto-monteiro-pavimentou-caminho-seguro-rumo-a-segunda-pole-de-2025","status":"publish","type":"post","link":"https:\/\/www.r9competicoes.com.br\/r9\/2025\/07\/beto-monteiro-pavimentou-caminho-seguro-rumo-a-segunda-pole-de-2025\/","title":{"rendered":"Beto Monteiro pavimentou caminho seguro rumo \u00e0 segunda pole de 2025"},"content":{"rendered":"<p>Beto Monteiro provou neste s\u00e1bado (12) que a alcunha de \u2018rei de Cascavel\u2019 n\u00e3o \u00e9 sua por acaso. Piloto da Copa Truck Petrobras com o melhor hist\u00f3rico naquele que \u00e9 o mais veloz circuito do calend\u00e1rio e um dos mais desafiadores tra\u00e7ados do automobilismo brasileiro, o dono de tr\u00eas vit\u00f3rias e oito p\u00f3dios no Oeste do Paran\u00e1 conquistou a pole position v\u00e1lida pela quinta etapa da temporada 2025. Curiosamente, contudo, \u00e9 a primeira vez que o pernambucano vai largar na posi\u00e7\u00e3o de honra no Aut\u00f3dromo Internacional Zilmar Beux.<\/p>\n<p><a  href=\"https:\/\/www.r9competicoes.com.br\/r9\/wp-content\/uploads\/2025\/07\/454157_1160882_20250712_dudabairros_12475_web_.webp\" data-rel=\"lightbox-gallery-0\" data-rl_title=\"454157_1160882_20250712_dudabairros_12475_web_\" data-rl_caption=\"\" title=\"454157_1160882_20250712_dudabairros_12475_web_\"><img loading=\"lazy\" decoding=\"async\" class=\"aligncenter size-full wp-image-7837\" src=\"https:\/\/www.r9competicoes.com.br\/r9\/wp-content\/uploads\/2025\/07\/454157_1160882_20250712_dudabairros_12475_web_.webp\" alt=\"\" width=\"777\" height=\"518\" srcset=\"https:\/\/www.r9competicoes.com.br\/r9\/wp-content\/uploads\/2025\/07\/454157_1160882_20250712_dudabairros_12475_web_.webp 777w, https:\/\/www.r9competicoes.com.br\/r9\/wp-content\/uploads\/2025\/07\/454157_1160882_20250712_dudabairros_12475_web_-450x300.webp 450w, https:\/\/www.r9competicoes.com.br\/r9\/wp-content\/uploads\/2025\/07\/454157_1160882_20250712_dudabairros_12475_web_-600x400.webp 600w, https:\/\/www.r9competicoes.com.br\/r9\/wp-content\/uploads\/2025\/07\/454157_1160882_20250712_dudabairros_12475_web_-768x512.webp 768w\" sizes=\"auto, (max-width: 777px) 100vw, 777px\" \/><\/a><\/p>\n<p>Beto registrou 1min19s505 em sua volta mais r\u00e1pida no Top Qualifying e tornou-se o primeiro piloto a anotar duas poles no campeonato, repetindo o feito alcan\u00e7ado em outra pista paranaense, Londrina. O piloto da R9 Competi\u00e7\u00f5es vai largar com seu Volkswagen Meteor lado a lado com Fabio Foga\u00e7a.<\/p>\n<p>Em bom fim de semana, Paulo Salustiano, tamb\u00e9m da R9, abre o grid deste domingo em terceiro, lado a lado com um dos seus companheiros de equipe e vice-l\u00edder do campeonato, Felipe Giaffone.<\/p>\n<p><a  href=\"https:\/\/www.r9competicoes.com.br\/r9\/wp-content\/uploads\/2025\/07\/454157_1160884_20250711_dudabairros_5704_web_.webp\" data-rel=\"lightbox-gallery-0\" data-rl_title=\"454157_1160884_20250711_dudabairros_5704_web_\" data-rl_caption=\"\" title=\"454157_1160884_20250711_dudabairros_5704_web_\"><img loading=\"lazy\" decoding=\"async\" class=\"aligncenter size-full wp-image-7838\" src=\"https:\/\/www.r9competicoes.com.br\/r9\/wp-content\/uploads\/2025\/07\/454157_1160884_20250711_dudabairros_5704_web_.webp\" alt=\"\" width=\"777\" height=\"518\" srcset=\"https:\/\/www.r9competicoes.com.br\/r9\/wp-content\/uploads\/2025\/07\/454157_1160884_20250711_dudabairros_5704_web_.webp 777w, https:\/\/www.r9competicoes.com.br\/r9\/wp-content\/uploads\/2025\/07\/454157_1160884_20250711_dudabairros_5704_web_-450x300.webp 450w, https:\/\/www.r9competicoes.com.br\/r9\/wp-content\/uploads\/2025\/07\/454157_1160884_20250711_dudabairros_5704_web_-600x400.webp 600w, https:\/\/www.r9competicoes.com.br\/r9\/wp-content\/uploads\/2025\/07\/454157_1160884_20250711_dudabairros_5704_web_-768x512.webp 768w\" sizes=\"auto, (max-width: 777px) 100vw, 777px\" \/><\/a><\/p>\n<p>Com largada logo mais, \u00e0s 19h15, a prova in\u00e9dita da categoria diante de luz artificial tem sua ordem de largada com a invers\u00e3o dos oito primeiros colocados, mas sete desta vez em raz\u00e3o da puni\u00e7\u00e3o sofrida por Leandro Totti, que foi exclu\u00eddo da sess\u00e3o.<\/p>\n<p>Entre os que marcaram tempo, Monteiro brilhou novamente em Cascavel para aferir 1min19s505 e marcar o tempo que valeria a ele a pole position, em ordem que tinha Fabio Foga\u00e7a em segundo, Felipe Giaffone em terceiro e Raphael Abbate em quarto, enquanto Wellington Cirino fechava o top-5.<\/p>\n<p>O tempo estabelecido pelo pernambucano foi imbat\u00edvel e lhe conferiu sua segunda pole na temporada. Fabio Foga\u00e7a dividir\u00e1 a primeira fila no domingo, enquanto Paulo Salustiano e Felipe Giaffone v\u00e3o largar lado a lado logo atr\u00e1s. Raphael Abbate sair\u00e1 do quinto posto, com Wellington Cirino em sexto. J\u00e1 Evandro Camargo, s\u00e9timo no Top Qualifying, se valeu da invers\u00e3o do grid e vai colocar o Mercedes-Benz da PP Motorsport na ponta do grid da corrida noturna de logo mais, \u00e0s 19h15.<\/p>\n<p><a  href=\"https:\/\/www.r9competicoes.com.br\/r9\/wp-content\/uploads\/2025\/07\/454157_1160885_20250712_dudabairros_12484_web_.webp\" data-rel=\"lightbox-gallery-0\" data-rl_title=\"454157_1160885_20250712_dudabairros_12484_web_\" data-rl_caption=\"\" title=\"454157_1160885_20250712_dudabairros_12484_web_\"><img loading=\"lazy\" decoding=\"async\" class=\"aligncenter size-full wp-image-7839\" src=\"https:\/\/www.r9competicoes.com.br\/r9\/wp-content\/uploads\/2025\/07\/454157_1160885_20250712_dudabairros_12484_web_.webp\" alt=\"\" width=\"777\" height=\"518\" srcset=\"https:\/\/www.r9competicoes.com.br\/r9\/wp-content\/uploads\/2025\/07\/454157_1160885_20250712_dudabairros_12484_web_.webp 777w, https:\/\/www.r9competicoes.com.br\/r9\/wp-content\/uploads\/2025\/07\/454157_1160885_20250712_dudabairros_12484_web_-450x300.webp 450w, https:\/\/www.r9competicoes.com.br\/r9\/wp-content\/uploads\/2025\/07\/454157_1160885_20250712_dudabairros_12484_web_-600x400.webp 600w, https:\/\/www.r9competicoes.com.br\/r9\/wp-content\/uploads\/2025\/07\/454157_1160885_20250712_dudabairros_12484_web_-768x512.webp 768w\" sizes=\"auto, (max-width: 777px) 100vw, 777px\" \/><\/a><\/p>\n<p>\u201c\u00c9 uma pole de toda a equipe. Todo mundo trabalhou incansavelmente, uma vez que enfrentamos problemas pontuais, at\u00e9 que hoje tivemos um equipamento muito bom. Obrigado a todos, da nossa equipe e da engenharia da Volkswagen. Acompanhem logo mais, hoje \u00e0 noite, uma corrida in\u00e9dita na nossa hist\u00f3ria\u201d, destacou Beto Monteiro, o dono da tarde em Cascavel.<\/p>\n<p><strong>Programa\u00e7\u00e3o em Cascavel<\/strong><\/p>\n<p>Ap\u00f3s a defini\u00e7\u00e3o da pole position e do grid de largada, Cascavel ser\u00e1 palco, logo mais, de um dos momentos mais aguardados de toda a temporada. A primeira corrida noturna da hist\u00f3ria da Copa Truck Petrobras ser\u00e1 disputada a partir de 19h15 (hor\u00e1rio de Bras\u00edlia). A prova ter\u00e1 a dura\u00e7\u00e3o e a pontua\u00e7\u00e3o de uma prova 2 no formato habitual da categoria, de modo que a ordem de largada ser\u00e1 determinada pela invers\u00e3o dos oito primeiros colocados. A disputa ter\u00e1 transmiss\u00e3o ao vivo exclusivamente pelo canal oficial da Copa Truck Petrobras no YouTube.<\/p>\n<p>O domingo marca a conclus\u00e3o da quinta etapa do campeonato em grande estilo. A prova longa do fim de semana, com 30 minutos mais uma volta e a ordem do grid determinada pela sess\u00e3o classificat\u00f3ria, tem largada marcada para 12h25. A prova ser\u00e1 transmitida ao vivo pela Band, SporTV e canais digitais da Copa Truck Petrobras, Esporte na Band, CATVE.com, Portal HighSpeed e Parc Ferm\u00e9 no YouTube.<\/p>\n<p>Confira a seguir o grid de largada e a sequ\u00eancia da programa\u00e7\u00e3o deste fim de semana em Cascavel.<\/p>\n<p><strong>Copa Truck Petrobras, temporada 2025<br \/>\nEtapa 5, Cascavel (PR), Super Truck Pro<br \/>\nCorrida 2 (s\u00e1bado \u00e0 noite), grid de largada (invers\u00e3o dos oito primeiros na classifica\u00e7\u00e3o)<br \/>\n<\/strong>1\u00ba &#8211; Evandro Camargo (PP Motorsport\/Mercedes-Benz)<br \/>\n2\u00ba &#8211; Wellington Cirino (Iveco Usual Racing\/Iveco)<br \/>\n3\u00ba &#8211; Raphael Abbate (ASG Motorsport\/Mercedes-Benz)<br \/>\n4\u00ba &#8211; Felipe Giaffone (R9 Competi\u00e7\u00f5es\/Volkswagen)<br \/>\n5\u00ba &#8211; Paulo Salustiano (R9 Competi\u00e7\u00f5es\/Volkswagen)<br \/>\n6\u00ba &#8211; Fabio Foga\u00e7a (DMais Motorsport\/Mercedes-Benz)<br \/>\n7\u00ba &#8211; Beto Monteiro (R9 Competi\u00e7\u00f5es\/Volkswagen)<br \/>\n8\u00ba &#8211; Leandro Totti (Vannucci Racing\/Iveco)<br \/>\n9\u00ba &#8211; Adalberto Jardim (AJ5 Eco Sports\/Mercedes-Benz)<br \/>\n10\u00ba &#8211; Bia Figueiredo (ASG Motorsport\/Mercedes-Benz)<br \/>\n11\u00ba &#8211; Danilo Alamini (R9 Competi\u00e7\u00f5es\/Volkswagen)<br \/>\n12\u00ba &#8211; Jaidson Zini (ASG Motorsport\/Mercedes-Benz)<br \/>\n13\u00ba &#8211; Danilo Dirani (Iveco Usual Racing\/Iveco)<br \/>\n14\u00ba &#8211; Felipe Tozzo (Dakar Motorsport\/Iveco)<br \/>\n15\u00ba &#8211; Alberto Cattucci (Tiger Team Race\/Mercedes-Benz)<br \/>\n16\u00ba &#8211; Pedro Paulo Fernandes (PP Motorsport\/Mercedes-Benz)<br \/>\n17\u00ba &#8211; Luiz Lopes (ASG Motorsport\/Mercedes-Benz)<br \/>\n18\u00ba &#8211; Thiago Rizzo (R9 Competi\u00e7\u00f5es\/Volkswagen)<br \/>\n19\u00ba &#8211; D\u00e9bora Rodrigues (R9 Competi\u00e7\u00f5es\/Volkswagen)<br \/>\n20\u00ba &#8211; Victor Franzoni (Tiger Team Race\/Mercedes-Benz)<br \/>\n21\u00ba &#8211; Regis Boessio (Boessio Competi\u00e7\u00f5es\/Volvo)<strong><\/p>\n<p>Corrida 1 (domingo), grid de largada<br \/>\n<\/strong>1\u00ba &#8211; Beto Monteiro (R9 Competi\u00e7\u00f5es\/Volkswagen), 1min19s505<br \/>\n2\u00ba &#8211; Fabio Foga\u00e7a (DMais Motorsport\/Mercedes-Benz), 1min19s796<br \/>\n3\u00ba &#8211; Paulo Salustiano (R9 Competi\u00e7\u00f5es\/Volkswagen), 1min19s870<br \/>\n4\u00ba &#8211; Felipe Giaffone (R9 Competi\u00e7\u00f5es\/Volkswagen), 1min19s961<br \/>\n5\u00ba &#8211; Raphael Abbate (ASG Motorsport\/Mercedes-Benz), 1min20s296<br \/>\n6\u00ba &#8211; Wellington Cirino (Iveco Usual Racing\/Iveco), 1min20s434<br \/>\n7\u00ba &#8211; Evandro Camargo (PP Motorsport\/Mercedes-Benz), 1min20s610<br \/>\n8\u00ba &#8211; Leandro Totti (Vannucci Racing\/Iveco), exclu\u00eddo<br \/>\n9\u00ba &#8211; Adalberto Jardim (AJ5 Eco Sports\/Mercedes-Benz), 1min20s557<br \/>\n10\u00ba &#8211; Bia Figueiredo (ASG Motorsport\/Mercedes-Benz), 1min20s571<br \/>\n11\u00ba &#8211; Danilo Alamini (R9 Competi\u00e7\u00f5es\/Volkswagen), 1min20s580<br \/>\n12\u00ba &#8211; Jaidson Zini (ASG Motorsport\/Mercedes-Benz), 1min20s862<br \/>\n13\u00ba &#8211; Danilo Dirani (Iveco Usual Racing\/Iveco), 1min20s901<br \/>\n14\u00ba &#8211; Felipe Tozzo (Dakar Motorsport\/Iveco), 1min20s901<br \/>\n15\u00ba &#8211; Alberto Cattucci (Tiger Team Race\/Mercedes-Benz), 1min21s017<br \/>\n16\u00ba &#8211; Pedro Paulo Fernandes (PP Motorsport\/Mercedes-Benz), 1min21s771<br \/>\n17\u00ba &#8211; Luiz Lopes (ASG Motorsport\/Mercedes-Benz), 1min21s903<br \/>\n18\u00ba &#8211; Thiago Rizzo (R9 Competi\u00e7\u00f5es\/Volkswagen), 1min21s907<br \/>\n19\u00ba &#8211; D\u00e9bora Rodrigues (R9 Competi\u00e7\u00f5es\/Volkswagen), 1min22s457<br \/>\n20\u00ba &#8211; Victor Franzoni (Tiger Team Race\/Mercedes-Benz), sem tempo<br \/>\n21\u00ba &#8211; Regis Boessio (Boessio Competi\u00e7\u00f5es\/Volvo), sem tempo<\/p>\n<p><strong>Programa\u00e7\u00e3o em Cascavel<br \/>\nS\u00e1bado, 12 de julho<br \/>\n<\/strong>16h08 \u2013 Copa Hyundai HB20 \u2013 Corrida 1 (25 minutos + 1 volta)<br \/>\n17h43 \u2013 NASCAR Brasil \u2013 Corrida \u2013 100 Miles (60 minutos)<br \/>\n19h18 \u2013 Copa Truck Petrobras &#8211; Corrida noturna (20 minutos + 1 volta)<\/p>\n<p><strong>Domingo, 13 de julho<\/strong><br \/>\n08h00 \u2013 Old Stock Race \u2013 Warm Up<br \/>\n08h15 \u2013 Copa Truck Petrobras \u2013 Warm Up \u2013 Super Truck Pro<br \/>\n08h30 \u2013 Copa Truck Petrobras \u2013 Warm Up \u2013 Super Truck Elite<br \/>\n08h58 \u2013 Old Stock Race \u2013 Corrida 1 (30 minutos)<br \/>\n09h50 \u2013&nbsp;Visita\u00e7\u00e3o aos Boxes<br \/>\n10h00 \u2013&nbsp;Desfile de Caminh\u00f5es<br \/>\n12h25 \u2013 Copa Truck Petrobras \u2013 Corrida (30 minutos + 1 volta)<br \/>\n13h33 \u2013 Copa Hyundai HB20 \u2013 Corrida 2 (30 minutos + 1 volta)<br \/>\n14h28 \u2013 Old Stock Race \u2013 Corrida 2 (30 minutos + 1 volta)<\/p>\n<p>&nbsp;<\/p>\n<hr>\n<p><em><strong>Comunica\u00e7\u00e3o Copa Truck Petrobras<br \/>\nContato:<\/strong>&nbsp;Bruno Vicaria (11) 981963069&nbsp;<\/em><\/p>\n","protected":false},"excerpt":{"rendered":"<p>Beto Monteiro provou neste s\u00e1bado (12) que a alcunha de \u2018rei de Cascavel\u2019 n\u00e3o \u00e9 sua por acaso. Piloto da Copa Truck Petrobras com o [&hellip;]<\/p>\n","protected":false},"author":2,"featured_media":7836,"comment_status":"closed","ping_status":"closed","sticky":false,"template":"","format":"standard","meta":{"ngg_post_thumbnail":0,"footnotes":""},"categories":[3],"tags":[],"class_list":["post-7835","post","type-post","status-publish","format-standard","has-post-thumbnail","hentry","category-noticias"],"_links":{"self":[{"href":"https:\/\/www.r9competicoes.com.br\/r9\/wp-json\/wp\/v2\/posts\/7835","targetHints":{"allow":["GET"]}}],"collection":[{"href":"https:\/\/www.r9competicoes.com.br\/r9\/wp-json\/wp\/v2\/posts"}],"about":[{"href":"https:\/\/www.r9competicoes.com.br\/r9\/wp-json\/wp\/v2\/types\/post"}],"author":[{"embeddable":true,"href":"https:\/\/www.r9competicoes.com.br\/r9\/wp-json\/wp\/v2\/users\/2"}],"replies":[{"embeddable":true,"href":"https:\/\/www.r9competicoes.com.br\/r9\/wp-json\/wp\/v2\/comments?post=7835"}],"version-history":[{"count":1,"href":"https:\/\/www.r9competicoes.com.br\/r9\/wp-json\/wp\/v2\/posts\/7835\/revisions"}],"predecessor-version":[{"id":7840,"href":"https:\/\/www.r9competicoes.com.br\/r9\/wp-json\/wp\/v2\/posts\/7835\/revisions\/7840"}],"wp:featuredmedia":[{"embeddable":true,"href":"https:\/\/www.r9competicoes.com.br\/r9\/wp-json\/wp\/v2\/media\/7836"}],"wp:attachment":[{"href":"https:\/\/www.r9competicoes.com.br\/r9\/wp-json\/wp\/v2\/media?parent=7835"}],"wp:term":[{"taxonomy":"category","embeddable":true,"href":"https:\/\/www.r9competicoes.com.br\/r9\/wp-json\/wp\/v2\/categories?post=7835"},{"taxonomy":"post_tag","embeddable":true,"href":"https:\/\/www.r9competicoes.com.br\/r9\/wp-json\/wp\/v2\/tags?post=7835"}],"curies":[{"name":"wp","href":"https:\/\/api.w.org\/{rel}","templated":true}]}}