{"id":7841,"date":"2025-07-12T22:46:02","date_gmt":"2025-07-13T01:46:02","guid":{"rendered":"https:\/\/www.r9competicoes.com.br\/r9\/?p=7841"},"modified":"2025-07-12T22:46:02","modified_gmt":"2025-07-13T01:46:02","slug":"historica-primeira-corrida-noturna-da-copa-truck-petrobras-tem-vitoria-de-beto-monteiro","status":"publish","type":"post","link":"https:\/\/www.r9competicoes.com.br\/r9\/2025\/07\/historica-primeira-corrida-noturna-da-copa-truck-petrobras-tem-vitoria-de-beto-monteiro\/","title":{"rendered":"Hist\u00f3rica, primeira corrida noturna da Copa Truck Petrobras tem vit\u00f3ria de Beto Monteiro"},"content":{"rendered":"<p>Uma noite para a hist\u00f3ria. Assim pode ser definido o que foi a jornada que marcou a realiza\u00e7\u00e3o da primeira corrida noturna da Copa Truck Petrobras e de uma categoria de caminh\u00f5es no automobilismo mundial como um todo neste s\u00e1bado (12) no Aut\u00f3dromo Internacional Zilmar Beux, em Cascavel, no Oeste do Paran\u00e1. Em imagens que ser\u00e3o recordadas por muito tempo, a competi\u00e7\u00e3o dos brutos colocou quase 40 caminh\u00f5es na pista mais veloz do calend\u00e1rio e proporcionou um espet\u00e1culo in\u00e9dito, especial, iluminado e ousado. Na pista, a vit\u00f3ria geral ficou com Beto Monteiro (Volkswagen da R9 Competi\u00e7\u00f5es).<\/p>\n<p><a  href=\"https:\/\/www.r9competicoes.com.br\/r9\/wp-content\/uploads\/2025\/07\/454176_1161050_20250712_dudabairros_15220_web_.webp\" data-rel=\"lightbox-gallery-0\" data-rl_title=\"454176_1161050_20250712_dudabairros_15220_web_\" data-rl_caption=\"\" title=\"454176_1161050_20250712_dudabairros_15220_web_\"><img loading=\"lazy\" decoding=\"async\" class=\"aligncenter size-full wp-image-7843\" src=\"https:\/\/www.r9competicoes.com.br\/r9\/wp-content\/uploads\/2025\/07\/454176_1161050_20250712_dudabairros_15220_web_.webp\" alt=\"\" width=\"777\" height=\"518\" srcset=\"https:\/\/www.r9competicoes.com.br\/r9\/wp-content\/uploads\/2025\/07\/454176_1161050_20250712_dudabairros_15220_web_.webp 777w, https:\/\/www.r9competicoes.com.br\/r9\/wp-content\/uploads\/2025\/07\/454176_1161050_20250712_dudabairros_15220_web_-450x300.webp 450w, https:\/\/www.r9competicoes.com.br\/r9\/wp-content\/uploads\/2025\/07\/454176_1161050_20250712_dudabairros_15220_web_-600x400.webp 600w, https:\/\/www.r9competicoes.com.br\/r9\/wp-content\/uploads\/2025\/07\/454176_1161050_20250712_dudabairros_15220_web_-768x512.webp 768w\" sizes=\"auto, (max-width: 777px) 100vw, 777px\" \/><\/a><\/p>\n<p>Mas a certeza que fica \u00e9 que, no fim das contas, o automobilismo venceu nos embalos de uma \u00e9pica noite de s\u00e1bado em Cascavel. Para Beto Monteiro, foi o desfecho perfeito para um dia especial. Afinal, horas antes, o pernambucano j\u00e1 havia conquistado a pole position para a quinta etapa da temporada. Depois, o maior vencedor em Cascavel ampliou seu hist\u00f3rico de sucesso e alcan\u00e7ou seu quarto triunfo na pista, que veio ap\u00f3s grande embate.<\/p>\n<p><a  href=\"https:\/\/www.r9competicoes.com.br\/r9\/wp-content\/uploads\/2025\/07\/454176_1161052_20250712_dudabairros_15417_web_.webp\" data-rel=\"lightbox-gallery-0\" data-rl_title=\"454176_1161052_20250712_dudabairros_15417_web_\" data-rl_caption=\"\" title=\"454176_1161052_20250712_dudabairros_15417_web_\"><img loading=\"lazy\" decoding=\"async\" class=\"aligncenter size-full wp-image-7844\" src=\"https:\/\/www.r9competicoes.com.br\/r9\/wp-content\/uploads\/2025\/07\/454176_1161052_20250712_dudabairros_15417_web_.webp\" alt=\"\" width=\"777\" height=\"518\" srcset=\"https:\/\/www.r9competicoes.com.br\/r9\/wp-content\/uploads\/2025\/07\/454176_1161052_20250712_dudabairros_15417_web_.webp 777w, https:\/\/www.r9competicoes.com.br\/r9\/wp-content\/uploads\/2025\/07\/454176_1161052_20250712_dudabairros_15417_web_-450x300.webp 450w, https:\/\/www.r9competicoes.com.br\/r9\/wp-content\/uploads\/2025\/07\/454176_1161052_20250712_dudabairros_15417_web_-600x400.webp 600w, https:\/\/www.r9competicoes.com.br\/r9\/wp-content\/uploads\/2025\/07\/454176_1161052_20250712_dudabairros_15417_web_-768x512.webp 768w\" sizes=\"auto, (max-width: 777px) 100vw, 777px\" \/><\/a><\/p>\n<p>\u201cMuito feliz! Foi uma adrenalina muito grande. O m\u00e9rito \u00e9 todo da equipe. Estou muito feliz pelo resultado, por todos, nosso time trabalha muito. E \u00e9 a primeira corrida noturna, ent\u00e3o fico muito feliz por escrever meu nome na hist\u00f3ria. Espero que todos tenham se divertido, porque foi uma batalha muito intensa. Amanh\u00e3, vou com tudo de novo. Preciso me recuperar no campeonato, ent\u00e3o \u00e9 muito importante esse resultado. Vamos buscar fazer o que der pra fazer. Vamos pra cima\u201d, disse Beto, agora quinto na tabela de pontos da temporada.<\/p>\n<p><strong>Uma noite singular<\/strong><\/p>\n<p>Cercada de expectativa e ansiedade, a primeira prova noturna de caminh\u00f5es na hist\u00f3ria do automobilismo mundial teve sua largada pouco depois das 19h30 em Cascavel. Em uma noite agrad\u00e1vel e especial, com agrad\u00e1veis 20\u00baC de temperatura ambiente, 39 pilotos largaram para uma jornada \u00edmpar na Copa Truck Petrobras.<\/p>\n<p><a  href=\"https:\/\/www.r9competicoes.com.br\/r9\/wp-content\/uploads\/2025\/07\/454176_1161049_20250712_dudabairros_14881_web_.webp\" data-rel=\"lightbox-gallery-0\" data-rl_title=\"454176_1161049_20250712_dudabairros_14881_web_\" data-rl_caption=\"\" title=\"454176_1161049_20250712_dudabairros_14881_web_\"><img loading=\"lazy\" decoding=\"async\" class=\"aligncenter size-full wp-image-7845\" src=\"https:\/\/www.r9competicoes.com.br\/r9\/wp-content\/uploads\/2025\/07\/454176_1161049_20250712_dudabairros_14881_web_.webp\" alt=\"\" width=\"777\" height=\"518\" srcset=\"https:\/\/www.r9competicoes.com.br\/r9\/wp-content\/uploads\/2025\/07\/454176_1161049_20250712_dudabairros_14881_web_.webp 777w, https:\/\/www.r9competicoes.com.br\/r9\/wp-content\/uploads\/2025\/07\/454176_1161049_20250712_dudabairros_14881_web_-450x300.webp 450w, https:\/\/www.r9competicoes.com.br\/r9\/wp-content\/uploads\/2025\/07\/454176_1161049_20250712_dudabairros_14881_web_-600x400.webp 600w, https:\/\/www.r9competicoes.com.br\/r9\/wp-content\/uploads\/2025\/07\/454176_1161049_20250712_dudabairros_14881_web_-768x512.webp 768w\" sizes=\"auto, (max-width: 777px) 100vw, 777px\" \/><\/a><\/p>\n<p>Com quase 40 caminh\u00f5es, o pelot\u00e3o todo junto proporcionou um cen\u00e1rio visual incr\u00edvel na pista cascavelense. A prova foi de belas disputas, mas tamb\u00e9m de prud\u00eancia por parte dos pilotos.<\/p>\n<p>Beto Monteiro confirmou o triunfo hist\u00f3rico e cruzou a linha de chegada com 0s719 de vantagem para o segundo colocado.<\/p>\n<p><strong>Domingo tem mais<\/strong><\/p>\n<p>O domingo marca a conclus\u00e3o da quinta etapa do campeonato em grande estilo. A prova longa do fim de semana, com 30 minutos mais uma volta e a ordem do grid determinada pela sess\u00e3o classificat\u00f3ria, tem largada marcada para 12h25.<\/p>\n<p><a  href=\"https:\/\/www.r9competicoes.com.br\/r9\/wp-content\/uploads\/2025\/07\/454176_1161044_20250502_magnustorquato_2881_web_.webp\" data-rel=\"lightbox-gallery-0\" data-rl_title=\"454176_1161044_20250502_magnustorquato_2881_web_\" data-rl_caption=\"\" title=\"454176_1161044_20250502_magnustorquato_2881_web_\"><img loading=\"lazy\" decoding=\"async\" class=\"aligncenter size-full wp-image-7849\" src=\"https:\/\/www.r9competicoes.com.br\/r9\/wp-content\/uploads\/2025\/07\/454176_1161044_20250502_magnustorquato_2881_web_.webp\" alt=\"\" width=\"777\" height=\"518\" srcset=\"https:\/\/www.r9competicoes.com.br\/r9\/wp-content\/uploads\/2025\/07\/454176_1161044_20250502_magnustorquato_2881_web_.webp 777w, https:\/\/www.r9competicoes.com.br\/r9\/wp-content\/uploads\/2025\/07\/454176_1161044_20250502_magnustorquato_2881_web_-450x300.webp 450w, https:\/\/www.r9competicoes.com.br\/r9\/wp-content\/uploads\/2025\/07\/454176_1161044_20250502_magnustorquato_2881_web_-600x400.webp 600w, https:\/\/www.r9competicoes.com.br\/r9\/wp-content\/uploads\/2025\/07\/454176_1161044_20250502_magnustorquato_2881_web_-768x512.webp 768w\" sizes=\"auto, (max-width: 777px) 100vw, 777px\" \/><\/a><\/p>\n<p>A prova ser\u00e1 transmitida ao vivo pela Band, SporTV e canais digitais da Copa Truck Petrobras, Esporte na Band, CATVE.com, Portal HighSpeed e Parc Ferm\u00e9 no YouTube.<\/p>\n<p>Confira os resultados da corrida noturna deste s\u00e1bado em Cascavel e o grid de largada para a prova que completar\u00e1 a etapa no domingo.<\/p>\n<p><strong>Copa Truck Petrobras, temporada 2025<br \/>\nEtapa 5, Cascavel (PR)<br \/>\nSuper Truck Pro<\/strong><br \/>\n<strong>Corrida de s\u00e1bado, resultado final<\/strong><br \/>\n1\u00ba &#8211; Beto Monteiro (R9 Competi\u00e7\u00f5es\/Volkswagen), 14 voltas em 21min51s210<br \/>\n2\u00ba &#8211; Raphael Abbate (ASG Motorsport\/Mercedes-Benz), a 0s719<br \/>\n3\u00ba &#8211; Evandro Camargo (PP Motorsport\/Mercedes-Benz), a 4s496<br \/>\n4\u00ba &#8211; Leandro Totti (Vannucci Racing\/Iveco), a 4s761<br \/>\n5\u00ba &#8211; Wellington Cirino (Iveco Usual Racing\/Iveco), a 7s917<br \/>\n6\u00ba &#8211; Bia Figueiredo (ASG Motorsport\/Mercedes-Benz), a 8s429<br \/>\n7\u00ba &#8211; Jaidson Zini (ASG Motorsport\/Mercedes-Benz), a 9s453<br \/>\n8\u00ba &#8211; Victor Franzoni (Tiger Team Race\/Mercedes-Benz), a 14s369<br \/>\n9\u00ba &#8211; Danilo Dirani (Iveco Usual Racing\/Iveco), a 14s419<br \/>\n10\u00ba &#8211; Danilo Alamini (R9 Competi\u00e7\u00f5es\/Volkswagen), a 14s998<br \/>\n11\u00ba &#8211; Pedro Paulo Fernandes (PP Motorsport\/Mercedes-Benz), a 19s514<br \/>\n12\u00ba &#8211; Alberto Cattucci (Tiger Team Race\/Mercedes-Benz), a 19s646<br \/>\n13\u00ba &#8211; Luiz Lopes (ASG Motorsport\/Mercedes-Benz), a 20s552<br \/>\n14\u00ba &#8211; Thiago Rizzo (R9 Competi\u00e7\u00f5es\/Volkswagen), a 21s123<br \/>\n15\u00ba &#8211; Paulo Salustiano (R9 Competi\u00e7\u00f5es\/Volkswagen), a 23s358<br \/>\n16\u00ba &#8211; Felipe Giaffone (R9 Competi\u00e7\u00f5es\/Volkswagen), a 28s254<br \/>\n17\u00ba &#8211; Regis Boessio (Boessio Competi\u00e7\u00f5es\/Volvo), a 39s467<br \/>\n18\u00ba &#8211; D\u00e9bora Rodrigues (R9 Competi\u00e7\u00f5es\/Volkswagen), a 50s468<br \/>\n19\u00ba &#8211; Felipe Tozzo (Dakar Motorsport\/Iveco), a 1min05s166<\/p>\n<p><em>N\u00e3o terminaram<\/em><br \/>\nFabio Foga\u00e7a (DMais Motorsport\/Mercedes-Benz), a 6 voltas<br \/>\nAdalberto Jardim (AJ5 Eco Sports\/Mercedes-Benz), a 14 voltas<\/p>\n<p><strong>Corrida de domingo, grid de largada<br \/>\n<\/strong>1\u00ba &#8211; Beto Monteiro (R9 Competi\u00e7\u00f5es\/Volkswagen), 1min19s505<br \/>\n2\u00ba &#8211; Fabio Foga\u00e7a (DMais Motorsport\/Mercedes-Benz), 1min19s796<br \/>\n3\u00ba &#8211; Paulo Salustiano (R9 Competi\u00e7\u00f5es\/Volkswagen), 1min19s870<br \/>\n4\u00ba &#8211; Felipe Giaffone (R9 Competi\u00e7\u00f5es\/Volkswagen), 1min19s961<br \/>\n5\u00ba &#8211; Raphael Abbate (ASG Motorsport\/Mercedes-Benz), 1min20s296<br \/>\n6\u00ba &#8211; Wellington Cirino (Iveco Usual Racing\/Iveco), 1min20s434<br \/>\n7\u00ba &#8211; Evandro Camargo (PP Motorsport\/Mercedes-Benz), 1min20s610<br \/>\n8\u00ba &#8211; Leandro Totti (Vannucci Racing\/Iveco), exclu\u00eddo<br \/>\n9\u00ba &#8211; Adalberto Jardim (AJ5 Eco Sports\/Mercedes-Benz), 1min20s557<br \/>\n10\u00ba &#8211; Bia Figueiredo (ASG Motorsport\/Mercedes-Benz), 1min20s571<br \/>\n11\u00ba &#8211; Danilo Alamini (R9 Competi\u00e7\u00f5es\/Volkswagen), 1min20s580<br \/>\n12\u00ba &#8211; Jaidson Zini (ASG Motorsport\/Mercedes-Benz), 1min20s862<br \/>\n13\u00ba &#8211; Danilo Dirani (Iveco Usual Racing\/Iveco), 1min20s901<br \/>\n14\u00ba &#8211; Felipe Tozzo (Dakar Motorsport\/Iveco), 1min20s901<br \/>\n15\u00ba &#8211; Alberto Cattucci (Tiger Team Race\/Mercedes-Benz), 1min21s017<br \/>\n16\u00ba &#8211; Pedro Paulo Fernandes (PP Motorsport\/Mercedes-Benz), 1min21s771<br \/>\n17\u00ba &#8211; Luiz Lopes (ASG Motorsport\/Mercedes-Benz), 1min21s903<br \/>\n18\u00ba &#8211; Thiago Rizzo (R9 Competi\u00e7\u00f5es\/Volkswagen), 1min21s907<br \/>\n19\u00ba &#8211; D\u00e9bora Rodrigues (R9 Competi\u00e7\u00f5es\/Volkswagen), 1min22s457<br \/>\n20\u00ba &#8211; Victor Franzoni (Tiger Team Race\/Mercedes-Benz), sem tempo<br \/>\n21\u00ba &#8211; Regis Boessio (Boessio Competi\u00e7\u00f5es\/Volvo), sem tempo<\/p>\n<p><strong>Super Truck Elite<br \/>\nCorrida de s\u00e1bado, resultado final<\/strong><br \/>\n1\u00ba &#8211; Hugo Cibien (Vannucci Racing\/Volvo), 14 voltas em 22min17s590<br \/>\n2\u00ba &#8211; Rafa Lopes (R9 Competi\u00e7\u00f5es\/Volkswagen), a 0s329<br \/>\n3\u00ba &#8211; Arthur Scherer (ASG Motorsport\/Mercedes-Benz), a 0s381<br \/>\n4\u00ba &#8211; Maur\u00edcio Arias (AJ5 Eco Sports\/Mercedes-Benz), a 2s533<br \/>\n5\u00ba &#8211; Leo Rufino (PP Motorsport\/Mercedes-Benz), a 3s231<br \/>\n6\u00ba &#8211; Pedro Perdoncini (ASG Motorsport\/Mercedes-Benz), a 8s937<br \/>\n7\u00ba &#8211; Djalma Pivetta (Iveco Usual Racing\/Iveco), a 12s188<br \/>\n8\u00ba &#8211; Marcio Giordano (Tokio Petro Racing\/Mercedes-Benz), a 13s961<br \/>\n9\u00ba &#8211; Daniel Kelemen (Dmais Motorsport\/Mercedes-Benz), a 19s337<br \/>\n10\u00ba &#8211; Ricardo Alvarez (Tiger Team Race\/Mercedes-Benz), a 19s937<br \/>\n11\u00ba &#8211; Kleber Eletric (Eletric Truck\/Scania), a 23s450<br \/>\n12\u00ba &#8211; Thaline Chicoski (DMais Motorsport\/Mercedes-Benz), a 24s819<br \/>\n13\u00ba &#8211; Nicolas Giaffone (R9 Competi\u00e7\u00f5es\/Volkswagen), a 29s299<br \/>\n14\u00ba &#8211; Diogo Moscato (Scuderia Chiarelli\/Iveco), a 41s484<br \/>\n15\u00ba &#8211; J\u00f4 Augusto Dias (R9 Competi\u00e7\u00f5es\/Volkswagen), a 53s747<br \/>\n16\u00ba &#8211; Maicon Roncen (Tiger Team Race\/Mercedes-Benz), a 1 volta<br \/>\n17\u00ba &#8211; Juca Bala (Eletric Truck\/Scania), a 11 volta<\/p>\n<p><em>N\u00e3o completou<\/em><br \/>\nRodrigo Taborda (Vannucci Racing\/Volvo), a 11 voltas<\/p>\n<p><strong>Corrida de domingo, grid de largada<\/strong><br \/>\n1\u00ba &#8211; Rafa Lopes (R9 Competi\u00e7\u00f5es\/Volkswagen), 1min21s208<br \/>\n2\u00ba &#8211; Leo Rufino (PP Motorsport\/Mercedes-Benz), 1min21s303<br \/>\n3\u00ba &#8211; Arthur Scherer (ASG Motorsport\/Mercedes-Benz), 1min21s553<br \/>\n4\u00ba &#8211; Pedro Perdoncini (ASG Motorsport\/Mercedes-Benz), 1min21s594<br \/>\n5\u00ba &#8211; J\u00f4 Augusto Dias (R9 Competi\u00e7\u00f5es\/Volkswagen), 1min22s147<br \/>\n6\u00ba &#8211; Djalma Pivetta (Iveco Usual Racing\/Iveco), 1min22s791<br \/>\n7\u00ba &#8211; Maur\u00edcio Arias (AJ5 Eco Sports\/Mercedes-Benz), sem tempo&nbsp;&nbsp;&nbsp;&nbsp;&nbsp;&nbsp;&nbsp;&nbsp;&nbsp;&nbsp;<br \/>\n8\u00ba &#8211; Hugo Cibien (Vannucci Racing\/Volvo) , sem tempo<br \/>\n9\u00ba &#8211; Kleber Eletric (Eletric Truck\/Scania), 1min21s918<br \/>\n10\u00ba &#8211; Diogo Moscato (Scuderia Chiarelli\/Iveco), 1min22s655<br \/>\n11\u00ba &#8211; Ricardo Alvarez (Tiger Team Race\/Mercedes-Benz), 1min23s082<br \/>\n12\u00ba &#8211; Marcio Giordano (Tokio Petro Racing\/Mercedes-Benz), 1min23s188<br \/>\n13\u00ba &#8211; Thaline Chicoski (DMais Motorsport\/Mercedes-Benz), 1min23s443<br \/>\n14\u00ba &#8211; Maicon Roncen (Tiger Team Race\/Mercedes-Benz), 1min24s850<br \/>\n15\u00ba &#8211; Juca Bala (Eletric Truck\/Scania), sem tempo<br \/>\n16\u00ba &#8211; Daniel Kelemen (Dmais Motorsport\/Mercedes-Benz), sem tempo<br \/>\n17\u00ba &#8211; Nicolas Giaffone (R9 Competi\u00e7\u00f5es\/Volkswagen), sem tempo<br \/>\n18\u00ba &#8211; Rodrigo Taborda (Vannucci Racing\/Volvo), sem tempo<\/p>\n<p><strong>Classifica\u00e7\u00e3o do campeonato<br \/>\nSuper Truck Pro*<\/strong><br \/>\n1\u00ba Raphael Abbate, 137 pontos<br \/>\n2\u00ba Felipe Giaffone, 120<br \/>\n3\u00ba Leandro Totti, 118<br \/>\n4\u00ba Wellington Cirino, 108<br \/>\n5\u00ba Beto Monteiro, 102<br \/>\n6\u00ba Danilo Dirani, 94<br \/>\n7\u00ba Andr\u00e9 Marques, 90<br \/>\n8\u00ba Jaidson Zini, 78<br \/>\n9\u00ba Evandro Camargo, 68<br \/>\n10\u00ba Danilo Alamini, 62<br \/>\n11\u00ba Bia Figueiredo, 60<br \/>\n12\u00ba Roberval Andrade, 59<br \/>\n13\u00ba Victor Franzoni, 44<br \/>\n14\u00ba Pedro Paulo Fernandes, 41<br \/>\n15\u00ba Alberto Cattucci , 36<br \/>\n16\u00ba Felipe Tozzo, 33<br \/>\n17\u00ba Luiz Lopes, 30<br \/>\n18\u00ba Fabio Foga\u00e7a, 28<br \/>\n19\u00ba D\u00e9bora Rodrigues, 27<br \/>\n20\u00ba Paulo Salustiano, 23<br \/>\n21\u00ba Thiago Rizzo, 23<br \/>\n22\u00ba Adalberto Jardim, 1<br \/>\n<em>*pontua\u00e7\u00e3o extraoficial<\/em><\/p>\n<p><strong>Super Truck Elite*<\/strong><br \/>\n1\u00ba Arthur Scherer, 144 pontos<br \/>\n2\u00ba Diogo Moscato, 124<br \/>\n3\u00ba Pedro Perdoncini, 121<br \/>\n4\u00ba Leo Rufino, 104<br \/>\n5\u00ba Djalma Pivetta, 99<br \/>\n6\u00ba Nicolas Giaffone, 96<br \/>\n7\u00ba Hugo Cibien, 88<br \/>\n8\u00ba Ricardo Alvarez, 74<br \/>\n9\u00ba Kleber Eletric, 69<br \/>\n10\u00ba Daniel Kelemen, 55<br \/>\n11\u00ba M\u00e1rcio Giordano, 54<br \/>\n12\u00ba Rodrigo Taborda, 52<br \/>\n13\u00ba J\u00f4 Augusto Dias, 49<br \/>\n14\u00ba Thaline Chicoski, 47<br \/>\n15\u00ba Juca Bala, 45<br \/>\n16\u00ba Felipe Gama, 44<br \/>\n17\u00ba Maicon Roncen, 35<br \/>\n18\u00ba Rafa Lopes, 34<br \/>\n19\u00ba Mauricio Arias, 23<br \/>\n20\u00ba Luan Lopes, 8<br \/>\n21\u00ba Beto Cavaleiro, 0<br \/>\n<em>*pontua\u00e7\u00e3o extraoficial<\/em><\/p>\n<p><strong>Programa\u00e7\u00e3o em Cascavel<br \/>\nDomingo, 13 de julho<\/strong><br \/>\n08h00 \u2013 Old Stock Race \u2013 Warm Up<br \/>\n08h15 \u2013 Copa Truck Petrobras \u2013 Warm Up \u2013 Super Truck Pro<br \/>\n08h30 \u2013 Copa Truck Petrobras \u2013 Warm Up \u2013 Super Truck Elite<br \/>\n08h58 \u2013 Old Stock Race \u2013 Corrida 1 (30 minutos)<br \/>\n09h50 \u2013&nbsp;Visita\u00e7\u00e3o aos Boxes<br \/>\n10h00 \u2013&nbsp;Desfile de Caminh\u00f5es<br \/>\n12h25 \u2013 Copa Truck Petrobras \u2013 Corrida (30 minutos + 1 volta)<br \/>\n13h33 \u2013 Copa Hyundai HB20 \u2013 Corrida 2 (30 minutos + 1 volta)<br \/>\n14h28 \u2013 Old Stock Race \u2013 Corrida 2 (30 minutos + 1 volta)<\/p>\n<p>&nbsp;<\/p>\n<hr>\n<p><strong>Comunica\u00e7\u00e3o Copa Truck Petrobras<br \/>\nContato:<\/strong>&nbsp;Bruno Vicaria (11) 981963069&nbsp;<\/p>\n","protected":false},"excerpt":{"rendered":"<p>Uma noite para a hist\u00f3ria. Assim pode ser definido o que foi a jornada que marcou a realiza\u00e7\u00e3o da primeira corrida noturna da Copa Truck [&hellip;]<\/p>\n","protected":false},"author":2,"featured_media":7842,"comment_status":"closed","ping_status":"closed","sticky":false,"template":"","format":"standard","meta":{"ngg_post_thumbnail":0,"footnotes":""},"categories":[3],"tags":[],"class_list":["post-7841","post","type-post","status-publish","format-standard","has-post-thumbnail","hentry","category-noticias"],"_links":{"self":[{"href":"https:\/\/www.r9competicoes.com.br\/r9\/wp-json\/wp\/v2\/posts\/7841","targetHints":{"allow":["GET"]}}],"collection":[{"href":"https:\/\/www.r9competicoes.com.br\/r9\/wp-json\/wp\/v2\/posts"}],"about":[{"href":"https:\/\/www.r9competicoes.com.br\/r9\/wp-json\/wp\/v2\/types\/post"}],"author":[{"embeddable":true,"href":"https:\/\/www.r9competicoes.com.br\/r9\/wp-json\/wp\/v2\/users\/2"}],"replies":[{"embeddable":true,"href":"https:\/\/www.r9competicoes.com.br\/r9\/wp-json\/wp\/v2\/comments?post=7841"}],"version-history":[{"count":1,"href":"https:\/\/www.r9competicoes.com.br\/r9\/wp-json\/wp\/v2\/posts\/7841\/revisions"}],"predecessor-version":[{"id":7850,"href":"https:\/\/www.r9competicoes.com.br\/r9\/wp-json\/wp\/v2\/posts\/7841\/revisions\/7850"}],"wp:featuredmedia":[{"embeddable":true,"href":"https:\/\/www.r9competicoes.com.br\/r9\/wp-json\/wp\/v2\/media\/7842"}],"wp:attachment":[{"href":"https:\/\/www.r9competicoes.com.br\/r9\/wp-json\/wp\/v2\/media?parent=7841"}],"wp:term":[{"taxonomy":"category","embeddable":true,"href":"https:\/\/www.r9competicoes.com.br\/r9\/wp-json\/wp\/v2\/categories?post=7841"},{"taxonomy":"post_tag","embeddable":true,"href":"https:\/\/www.r9competicoes.com.br\/r9\/wp-json\/wp\/v2\/tags?post=7841"}],"curies":[{"name":"wp","href":"https:\/\/api.w.org\/{rel}","templated":true}]}}