{"id":7851,"date":"2025-07-13T19:50:59","date_gmt":"2025-07-13T22:50:59","guid":{"rendered":"https:\/\/www.r9competicoes.com.br\/r9\/?p=7851"},"modified":"2025-07-13T19:50:59","modified_gmt":"2025-07-13T22:50:59","slug":"beto-monteiro-conquistou-mais-um-resultado-importante-para-suas-pretensoes-de-titulo-e-foi-o-grande-nome-do-fim-de-semana","status":"publish","type":"post","link":"https:\/\/www.r9competicoes.com.br\/r9\/2025\/07\/beto-monteiro-conquistou-mais-um-resultado-importante-para-suas-pretensoes-de-titulo-e-foi-o-grande-nome-do-fim-de-semana\/","title":{"rendered":"Beto Monteiro conquistou mais um resultado importante para suas pretens\u00f5es de t\u00edtulo e foi o grande nome do fim de semana"},"content":{"rendered":"<p>O fim de semana hist\u00f3rico da Copa Truck Petrobras, que teve como fato in\u00e9dito a primeira corrida noturna de uma categoria de caminh\u00f5es no automobilismo mundial, foi conclu\u00eddo neste domingo (13) de sol e muita velocidade no Aut\u00f3dromo Internacional Zilmar Beux, em Cascavel (PR). Com maior pontua\u00e7\u00e3o, a segunda prova da jornada no tra\u00e7ado mais veloz do calend\u00e1rio comprovou a grande forma de Beto Monteiro (Volkswagen da R9 Competi\u00e7\u00f5es), que varreu o fim de semana com pole, triunfo na corrida noturna de s\u00e1bado e o primeiro lugar tamb\u00e9m no come\u00e7o da tarde deste domingo.&nbsp;<\/p>\n<p><a  href=\"https:\/\/www.r9competicoes.com.br\/r9\/wp-content\/uploads\/2025\/07\/454208_1161198_20250713_dudabairros_18481_web_.webp\" data-rel=\"lightbox-gallery-0\" data-rl_title=\"454208_1161198_20250713_dudabairros_18481_web_\" data-rl_caption=\"\" title=\"454208_1161198_20250713_dudabairros_18481_web_\"><img loading=\"lazy\" decoding=\"async\" class=\"aligncenter size-full wp-image-7853\" src=\"https:\/\/www.r9competicoes.com.br\/r9\/wp-content\/uploads\/2025\/07\/454208_1161198_20250713_dudabairros_18481_web_.webp\" alt=\"\" width=\"777\" height=\"517\" srcset=\"https:\/\/www.r9competicoes.com.br\/r9\/wp-content\/uploads\/2025\/07\/454208_1161198_20250713_dudabairros_18481_web_.webp 777w, https:\/\/www.r9competicoes.com.br\/r9\/wp-content\/uploads\/2025\/07\/454208_1161198_20250713_dudabairros_18481_web_-450x299.webp 450w, https:\/\/www.r9competicoes.com.br\/r9\/wp-content\/uploads\/2025\/07\/454208_1161198_20250713_dudabairros_18481_web_-600x399.webp 600w, https:\/\/www.r9competicoes.com.br\/r9\/wp-content\/uploads\/2025\/07\/454208_1161198_20250713_dudabairros_18481_web_-768x511.webp 768w\" sizes=\"auto, (max-width: 777px) 100vw, 777px\" \/><\/a><\/p>\n<p><strong>Tarde quente em Cascavel<\/strong><\/p>\n<p>Com c\u00e9u entre nuvens e 22\u00baC de temperatura ambiente, Cascavel voltou a acelerar com a Copa Truck Petrobras para o complemento da quinta etapa com a corrida que valeu a maior pontua\u00e7\u00e3o de um fim de semana hist\u00f3rico. Pole position e vencedor da corrida noturna do \u00faltimo s\u00e1bado, Beto Monteiro puxou a fila entre os pilotos da PRO, lado a lado com Fabio Foga\u00e7a, enquanto Rafa Lopes largou na frente na Elite.<\/p>\n<p><a  href=\"https:\/\/www.r9competicoes.com.br\/r9\/wp-content\/uploads\/2025\/07\/454208_1161196_20250713_dudabairros_19024_web_.webp\" data-rel=\"lightbox-gallery-0\" data-rl_title=\"454208_1161196_20250713_dudabairros_19024_web_\" data-rl_caption=\"\" title=\"454208_1161196_20250713_dudabairros_19024_web_\"><img loading=\"lazy\" decoding=\"async\" class=\"aligncenter size-full wp-image-7854\" src=\"https:\/\/www.r9competicoes.com.br\/r9\/wp-content\/uploads\/2025\/07\/454208_1161196_20250713_dudabairros_19024_web_.webp\" alt=\"\" width=\"777\" height=\"517\" srcset=\"https:\/\/www.r9competicoes.com.br\/r9\/wp-content\/uploads\/2025\/07\/454208_1161196_20250713_dudabairros_19024_web_.webp 777w, https:\/\/www.r9competicoes.com.br\/r9\/wp-content\/uploads\/2025\/07\/454208_1161196_20250713_dudabairros_19024_web_-450x299.webp 450w, https:\/\/www.r9competicoes.com.br\/r9\/wp-content\/uploads\/2025\/07\/454208_1161196_20250713_dudabairros_19024_web_-600x399.webp 600w, https:\/\/www.r9competicoes.com.br\/r9\/wp-content\/uploads\/2025\/07\/454208_1161196_20250713_dudabairros_19024_web_-768x511.webp 768w\" sizes=\"auto, (max-width: 777px) 100vw, 777px\" \/><\/a><\/p>\n<p>Foi um come\u00e7o de prova seguro para os poles. Beto Monteiro sustentou o primeiro lugar, tal qual Rafa Lopes na Elite. Entretanto, os demais pilotos travaram disputas diretas por posi\u00e7\u00e3o desde a largada.<\/p>\n<p>J\u00f4 Augusto Dias enfrentou problemas e parou nos boxes pouco antes da entrada do safety-truck, que foi acionado ainda no ter\u00e7o inicial da corrida em raz\u00e3o de uma quebra de caminh\u00e3o.<\/p>\n<p>A relargada aconteceu minutos depois e ratificou a lideran\u00e7a de Beto Monteiro na PRO, com Foga\u00e7a em segundo e Paulo Salustiano em terceiro, seguido muito de perto por Abbate, Totti e Giaffone. Rafa Lopes sustentou o primeiro lugar na Elite e tinha dois caminh\u00f5es da PRO entre ele e Leo Rufino, segundo colocado, enquanto Pedro Perdoncini vinha em terceiro.<\/p>\n<p><a  href=\"https:\/\/www.r9competicoes.com.br\/r9\/wp-content\/uploads\/2025\/07\/454208_1161199_20250713_dudabairros_19807_web_.webp\" data-rel=\"lightbox-gallery-0\" data-rl_title=\"454208_1161199_20250713_dudabairros_19807_web_\" data-rl_caption=\"\" title=\"454208_1161199_20250713_dudabairros_19807_web_\"><img loading=\"lazy\" decoding=\"async\" class=\"aligncenter size-full wp-image-7855\" src=\"https:\/\/www.r9competicoes.com.br\/r9\/wp-content\/uploads\/2025\/07\/454208_1161199_20250713_dudabairros_19807_web_.webp\" alt=\"\" width=\"777\" height=\"517\" srcset=\"https:\/\/www.r9competicoes.com.br\/r9\/wp-content\/uploads\/2025\/07\/454208_1161199_20250713_dudabairros_19807_web_.webp 777w, https:\/\/www.r9competicoes.com.br\/r9\/wp-content\/uploads\/2025\/07\/454208_1161199_20250713_dudabairros_19807_web_-450x299.webp 450w, https:\/\/www.r9competicoes.com.br\/r9\/wp-content\/uploads\/2025\/07\/454208_1161199_20250713_dudabairros_19807_web_-600x399.webp 600w, https:\/\/www.r9competicoes.com.br\/r9\/wp-content\/uploads\/2025\/07\/454208_1161199_20250713_dudabairros_19807_web_-768x511.webp 768w\" sizes=\"auto, (max-width: 777px) 100vw, 777px\" \/><\/a><\/p>\n<p>A corrida deste domingo resultou em problemas para os tr\u00eas primeiros colocados. Felipe Giaffone abandonou a prova, enquanto Totti teve de ir aos boxes cumprir puni\u00e7\u00e3o com drive-through por emiss\u00f5es. Em contrapartida, Beto Monteiro vinha firme para \u2018varrer\u2019 o fim de semana, enquanto Fabio Foga\u00e7a e Adalberto Jardim formavam o top-3. Na Elite.<\/p>\n<p>Bastante agitada e imprevis\u00edvel, a corrida deste domingo foi conclu\u00edda com gl\u00f3ria para Monteiro, que faturou sua segunda vit\u00f3ria no fim de semana, a terceira na temporada e a quinta em Cascavel.<\/p>\n<p>Depois das emo\u00e7\u00f5es deste fim de semana hist\u00f3rico e marcante em Cascavel, a Copa Truck Petrobras volta \u00e0 pista para a sexta etapa da temporada 2025 e viaja rumo a Minas Gerais, no Aut\u00f3dromo Potenza, em Lima Duarte, em jornada agendada para o fim de semana de 22 a 24 de agosto.<\/p>\n<p><strong>Confira os resultados da corrida deste domingo em Cascavel.<\/strong><\/p>\n<p><strong>Super Truck Pro<\/strong><br \/>\n1\u00ba &#8211; Beto Monteiro (R9 Competi\u00e7\u00f5es\/Volkswagen), 22 voltas em 32min00s313<br \/>\n2\u00ba &#8211; Fabio Foga\u00e7a (DMais Motorsport\/Mercedes-Benz), a 6s365<br \/>\n3\u00ba &#8211; Adalberto Jardim (AJ5 Eco Sports\/Mercedes-Benz), a 19s356<br \/>\n4\u00ba &#8211; Danilo Alamini (R9 Competi\u00e7\u00f5es\/Volkswagen), a 21s000<br \/>\n5\u00ba &#8211; Alberto Cattucci (Tiger Team Race\/Mercedes-Benz), a 21s299<br \/>\n6\u00ba &#8211; Bia Figueiredo (ASG Motorsport\/Mercedes-Benz), a 24s516<br \/>\n7\u00ba &#8211; Danilo Dirani (Iveco Usual Racing\/Iveco), a 27s275<br \/>\n8\u00ba &#8211; Felipe Tozzo (Dakar Motorsport\/Iveco), a 29s588<br \/>\n9\u00ba &#8211; Wellington Cirino (Iveco Usual Racing\/Iveco), a 31s294<br \/>\n10\u00ba &#8211; Luiz Lopes (ASG Motorsport\/Mercedes-Benz), a 35s455<br \/>\n11\u00ba &#8211; Evandro Camargo (PP Motorsport\/Mercedes-Benz), a 35s638<br \/>\n12\u00ba &#8211; D\u00e9bora Rodrigues (R9 Competi\u00e7\u00f5es\/Volkswagen), a 50s999<br \/>\n13\u00ba &#8211; Jaidson Zini (ASG Motorsport\/Mercedes-Benz), a 59s157<br \/>\n14\u00ba &#8211; Leandro Totti (Vannucci Racing\/Iveco), a 1min05s353<br \/>\n15\u00ba &#8211; Thiago Rizzo (R9 Competi\u00e7\u00f5es\/Volkswagen), a 1min05s697<br \/>\n16\u00ba &#8211; Regis Boessio (Boessio Competi\u00e7\u00f5es\/Volvo), a 1min06s955<br \/>\n17\u00ba &#8211; Raphael Abbate (ASG Motorsport\/Mercedes-Benz), a 1 volta<\/p>\n<p><em>N\u00e3o completaram<\/em><br \/>\nPedro Paulo Fernandes (PP Motorsport\/Mercedes-Benz), a 8 voltas<br \/>\nPaulo Salustiano (R9 Competi\u00e7\u00f5es\/Volkswagen), a 9 voltas<br \/>\nFelipe Giaffone (R9 Competi\u00e7\u00f5es\/Volkswagen), a 11 voltas<br \/>\nVictor Franzoni (Tiger Team Race\/Mercedes-Benz), a 18 voltas.<\/p>\n<hr>\n<p><strong>Comunica\u00e7\u00e3o Copa Truck Petrobras<\/strong><strong><br \/>\n<\/strong><strong>Contato:<\/strong>&nbsp;Bruno Vicaria (11) 981963069&nbsp;<\/p>\n","protected":false},"excerpt":{"rendered":"<p>O fim de semana hist\u00f3rico da Copa Truck Petrobras, que teve como fato in\u00e9dito a primeira corrida noturna de uma categoria de caminh\u00f5es no automobilismo [&hellip;]<\/p>\n","protected":false},"author":2,"featured_media":7852,"comment_status":"closed","ping_status":"closed","sticky":false,"template":"","format":"standard","meta":{"ngg_post_thumbnail":0,"footnotes":""},"categories":[3],"tags":[],"class_list":["post-7851","post","type-post","status-publish","format-standard","has-post-thumbnail","hentry","category-noticias"],"_links":{"self":[{"href":"https:\/\/www.r9competicoes.com.br\/r9\/wp-json\/wp\/v2\/posts\/7851","targetHints":{"allow":["GET"]}}],"collection":[{"href":"https:\/\/www.r9competicoes.com.br\/r9\/wp-json\/wp\/v2\/posts"}],"about":[{"href":"https:\/\/www.r9competicoes.com.br\/r9\/wp-json\/wp\/v2\/types\/post"}],"author":[{"embeddable":true,"href":"https:\/\/www.r9competicoes.com.br\/r9\/wp-json\/wp\/v2\/users\/2"}],"replies":[{"embeddable":true,"href":"https:\/\/www.r9competicoes.com.br\/r9\/wp-json\/wp\/v2\/comments?post=7851"}],"version-history":[{"count":1,"href":"https:\/\/www.r9competicoes.com.br\/r9\/wp-json\/wp\/v2\/posts\/7851\/revisions"}],"predecessor-version":[{"id":7856,"href":"https:\/\/www.r9competicoes.com.br\/r9\/wp-json\/wp\/v2\/posts\/7851\/revisions\/7856"}],"wp:featuredmedia":[{"embeddable":true,"href":"https:\/\/www.r9competicoes.com.br\/r9\/wp-json\/wp\/v2\/media\/7852"}],"wp:attachment":[{"href":"https:\/\/www.r9competicoes.com.br\/r9\/wp-json\/wp\/v2\/media?parent=7851"}],"wp:term":[{"taxonomy":"category","embeddable":true,"href":"https:\/\/www.r9competicoes.com.br\/r9\/wp-json\/wp\/v2\/categories?post=7851"},{"taxonomy":"post_tag","embeddable":true,"href":"https:\/\/www.r9competicoes.com.br\/r9\/wp-json\/wp\/v2\/tags?post=7851"}],"curies":[{"name":"wp","href":"https:\/\/api.w.org\/{rel}","templated":true}]}}